{"id":9490,"date":"2016-04-18T09:06:04","date_gmt":"2016-04-18T09:06:04","guid":{"rendered":"https:\/\/acuradon.de\/?p=1600"},"modified":"2016-04-18T09:06:04","modified_gmt":"2016-04-18T09:06:04","slug":"weinfruehling-in-bad-kreuznach-radonstollen-oeffnet-seine-tueren","status":"publish","type":"post","link":"https:\/\/acuradon.de\/en\/weinfruehling-in-bad-kreuznach-radonstollen-oeffnet-seine-tueren\/","title":{"rendered":"Weinfr\u00fchling in Bad Kreuznach: Radonstollen \u00f6ffnet seine T\u00fcren"},"content":{"rendered":"<p style=\"text-align: justify;\"><a href=\"https:\/\/acuradon.de\/wp-content\/uploads\/2015\/06\/Ihr-Weg-zum-Radon-Heilstollen-Bad-Kreuznach-Header.jpg\" rel=\"attachment wp-att-397\"><img fetchpriority=\"high\" decoding=\"async\" class=\"alignleft size-full wp-image-397\" src=\"https:\/\/acuradon.de\/wp-content\/uploads\/2015\/06\/Ihr-Weg-zum-Radon-Heilstollen-Bad-Kreuznach-Header.jpg\" alt=\"Ihr-Weg-zum-Radon-Heilstollen-Bad-Kreuznach-Header\" width=\"1400\" height=\"400\" \/><\/a><\/p>\n<p style=\"text-align: justify;\">Alle Jahre wieder: Im April 2016 veranstalten die Kreuznacher Stadtwinzer den Weinfr\u00fchling. Bei dem beliebten Event an der Nahe k\u00f6nnen alle Wein- &amp; Wanderfreunde die Weine der teilnehmenden Winzer verkosten und den Panoramaweg auf dem Kauzenberg erkunden.<\/p>\n<h4 style=\"text-align: justify;\">A visit to the Kreuznacher radon great<\/h4>\n<p style=\"text-align: justify;\">Auch dieses Jahr ist ACURADON dabei und bietet an beiden Tagen F\u00fchrungen durch den \u201eSanit\u00e4tsrat Dr. J\u00f6ckel\u201c-Stollen an. Interessierte k\u00f6nnen den Radonstollen am 23. und 24. April besichtigen und sich \u00fcber die in Deutschland einzigartige Form zur Schmerzlinderung bei rheumatischen und chronisch-entz\u00fcndlichen Erkrankungen informieren. Der Stollen kann samstags von 14 \u2013 18 Uhr und sonntags 11 -18 Uhr kostenlos besichtigt werden. Der Stollen liegt am Nachtigallenweg direkt am Naheufer und in unmittelbarer N\u00e4he zum Panoramaweg.<\/p>\n<h4 style=\"text-align: justify;\">Kreuznacher Wine Spring<\/h4>\n<p style=\"text-align: justify;\">On the Kauzenberg, the panorama of the old town leads high above the roofs of the health resort area. Here, the wine offer of goods <a href=\"http:\/\/www.anheuser.de\/\">Paul Anheuser<\/a>, Anton Finkenauer, <a href=\"http:\/\/www.carlfinkenauer.de\/\">Carl Fink Auer<\/a>, J\u00fcrgen Dhom, <a href=\"http:\/\/www.weingut-dhom.de\/\">Philipp Dhom<\/a>, <a href=\"http:\/\/weingut-gemuenden.de\/\">Gem\u00fcnden<\/a> and the <a href=\"http:\/\/www.dlr.rlp.de\/Internet\/global\/inetcntr.nsf\/dlr_web_full.xsp?src=7R0ED1FGY9&amp;p1=KKWKHS2VMM&amp;p3=55805O7455&amp;p4=7G2S9T1V45\">Staatsweingut<\/a> ihre Weine an. Die Metzgerei Balzer bietet Ihnen Brat- und Rindsw\u00fcrste an und auf der <a href=\"http:\/\/www.kauzenburg.de\/\">Kauzenburg<\/a> wird Flammkuchen serviert.<\/p>\n<p style=\"text-align: justify;\">Am Sonntag sorgen die Traktorfreunde Katzenbach mit Ihren Oldtimer-Traktoren f\u00fcr nostalgische Abwechslung.<\/p>\n<p style=\"text-align: justify;\">Alle Informationen zur Schmerztherapie mit dem Heilmittel Radon finden Sie <a href=\"https:\/\/acuradon.de\/en\/heilmittel-radon\/\">here<\/a>.<\/p>\n<p style=\"text-align: justify;\">Weitere Informationen und aktuelle Impressionen zu dem zweit\u00e4gigen Event und allen Teilnehmern finden Sie auf <a href=\"http:\/\/www.facebook.com\/weinfruehling.kh\">www.facebook.com\/weinfruehling.kh<\/a><\/p>","protected":false},"excerpt":{"rendered":"<p>Alle Jahre wieder: Im April 2016 veranstalten die Kreuznacher Stadtwinzer den Weinfr\u00fchling. Bei dem beliebten Event an der Nahe k\u00f6nnen<\/p>","protected":false},"author":1,"featured_media":9327,"comment_status":"open","ping_status":"open","sticky":false,"template":"","format":"standard","meta":{"content-type":"","footnotes":""},"categories":[1,11,12],"tags":[51,52,16,37,53],"class_list":["post-9490","post","type-post","status-publish","format-standard","has-post-thumbnail","hentry","category-allgemein","category-news","category-termine","tag-kreuznacher-weinfruehling","tag-panoramaweg-bad-kreuznach","tag-radonstollen","tag-radonstollen-bad-kreuznach","tag-sanitaetsrat-dr-joeckel-stollen"],"yoast_head":"<!-- This site is optimized with the Yoast SEO plugin v24.4 - https:\/\/yoast.com\/wordpress\/plugins\/seo\/ -->\n<title>Weinfr\u00fchling in Bad Kreuznach: Radonstollen \u00f6ffnet seine T\u00fcren -<\/title>\n<meta name=\"description\" content=\"\u00a0Im April 2016 veranstalten die Kreuznacher Stadtwinzer den Weinfr\u00fchling. ACURADON bietet an beiden Tagen F\u00fchrungen durch den Radonstollen an.\u00a0\" \/>\n<meta name=\"robots\" content=\"index, follow, max-snippet:-1, max-image-preview:large, max-video-preview:-1\" \/>\n<link rel=\"canonical\" href=\"https:\/\/acuradon.de\/en\/weinfruehling-in-bad-kreuznach-radonstollen-oeffnet-seine-tueren\/\" \/>\n<meta property=\"og:locale\" content=\"en_GB\" \/>\n<meta property=\"og:type\" content=\"article\" \/>\n<meta property=\"og:title\" content=\"Weinfr\u00fchling in Bad Kreuznach: Radonstollen \u00f6ffnet seine T\u00fcren -\" \/>\n<meta property=\"og:description\" content=\"\u00a0Im April 2016 veranstalten die Kreuznacher Stadtwinzer den Weinfr\u00fchling. ACURADON bietet an beiden Tagen F\u00fchrungen durch den Radonstollen an.\u00a0\" \/>\n<meta property=\"og:url\" content=\"https:\/\/acuradon.de\/en\/weinfruehling-in-bad-kreuznach-radonstollen-oeffnet-seine-tueren\/\" \/>\n<meta property=\"og:site_name\" content=\"ACURADON Heilstollen\" \/>\n<meta property=\"article:publisher\" content=\"https:\/\/www.facebook.com\/radonstollen\" \/>\n<meta property=\"article:published_time\" content=\"2016-04-18T09:06:04+00:00\" \/>\n<meta property=\"og:image\" content=\"https:\/\/acuradon.de\/wp-content\/uploads\/2015\/06\/Ihr-Weg-zum-Radon-Heilstollen-Bad-Kreuznach-Header.jpg\" \/>\n\t<meta property=\"og:image:width\" content=\"1400\" \/>\n\t<meta property=\"og:image:height\" content=\"400\" \/>\n\t<meta property=\"og:image:type\" content=\"image\/jpeg\" \/>\n<meta name=\"author\" content=\"Accumeda@2021\" \/>\n<meta name=\"twitter:card\" content=\"summary_large_image\" \/>\n<meta name=\"twitter:creator\" content=\"@ACURADON\" \/>\n<meta name=\"twitter:site\" content=\"@ACURADON\" \/>\n<meta name=\"twitter:label1\" content=\"Written by\" \/>\n\t<meta name=\"twitter:data1\" content=\"Accumeda@2021\" \/>\n\t<meta name=\"twitter:label2\" content=\"Estimated reading time\" \/>\n\t<meta name=\"twitter:data2\" content=\"1 minute\" \/>\n<script type=\"application\/ld+json\" class=\"yoast-schema-graph\">{\"@context\":\"https:\/\/schema.org\",\"@graph\":[{\"@type\":\"WebPage\",\"@id\":\"https:\/\/acuradon.de\/en\/weinfruehling-in-bad-kreuznach-radonstollen-oeffnet-seine-tueren\/\",\"url\":\"https:\/\/acuradon.de\/en\/weinfruehling-in-bad-kreuznach-radonstollen-oeffnet-seine-tueren\/\",\"name\":\"Weinfr\u00fchling in Bad Kreuznach: Radonstollen \u00f6ffnet seine T\u00fcren -\",\"isPartOf\":{\"@id\":\"https:\/\/acuradon.de\/#website\"},\"primaryImageOfPage\":{\"@id\":\"https:\/\/acuradon.de\/en\/weinfruehling-in-bad-kreuznach-radonstollen-oeffnet-seine-tueren\/#primaryimage\"},\"image\":{\"@id\":\"https:\/\/acuradon.de\/en\/weinfruehling-in-bad-kreuznach-radonstollen-oeffnet-seine-tueren\/#primaryimage\"},\"thumbnailUrl\":\"https:\/\/acuradon.de\/wp-content\/uploads\/2015\/06\/Ihr-Weg-zum-Radon-Heilstollen-Bad-Kreuznach-Header.jpg\",\"datePublished\":\"2016-04-18T09:06:04+00:00\",\"author\":{\"@id\":\"https:\/\/acuradon.de\/#\/schema\/person\/9b483958b8fb44d2d6ab62546fcde4c9\"},\"description\":\"\u00a0Im April 2016 veranstalten die Kreuznacher Stadtwinzer den Weinfr\u00fchling. ACURADON bietet an beiden Tagen F\u00fchrungen durch den Radonstollen an.\u00a0\",\"inLanguage\":\"en-GB\",\"potentialAction\":[{\"@type\":\"ReadAction\",\"target\":[\"https:\/\/acuradon.de\/en\/weinfruehling-in-bad-kreuznach-radonstollen-oeffnet-seine-tueren\/\"]}]},{\"@type\":\"ImageObject\",\"inLanguage\":\"en-GB\",\"@id\":\"https:\/\/acuradon.de\/en\/weinfruehling-in-bad-kreuznach-radonstollen-oeffnet-seine-tueren\/#primaryimage\",\"url\":\"https:\/\/acuradon.de\/wp-content\/uploads\/2015\/06\/Ihr-Weg-zum-Radon-Heilstollen-Bad-Kreuznach-Header.jpg\",\"contentUrl\":\"https:\/\/acuradon.de\/wp-content\/uploads\/2015\/06\/Ihr-Weg-zum-Radon-Heilstollen-Bad-Kreuznach-Header.jpg\",\"width\":1400,\"height\":400,\"caption\":\"Ihr-Weg-zum-Radon-Heilstollen-Bad-Kreuznach-Kreuznacher-Weinfr\u00fchling\"},{\"@type\":\"WebSite\",\"@id\":\"https:\/\/acuradon.de\/#website\",\"url\":\"https:\/\/acuradon.de\/\",\"name\":\"ACURADON Heilstollen\",\"description\":\"\",\"potentialAction\":[{\"@type\":\"SearchAction\",\"target\":{\"@type\":\"EntryPoint\",\"urlTemplate\":\"https:\/\/acuradon.de\/?s={search_term_string}\"},\"query-input\":{\"@type\":\"PropertyValueSpecification\",\"valueRequired\":true,\"valueName\":\"search_term_string\"}}],\"inLanguage\":\"en-GB\"},{\"@type\":\"Person\",\"@id\":\"https:\/\/acuradon.de\/#\/schema\/person\/9b483958b8fb44d2d6ab62546fcde4c9\",\"name\":\"Accumeda@2021\",\"image\":{\"@type\":\"ImageObject\",\"inLanguage\":\"en-GB\",\"@id\":\"https:\/\/acuradon.de\/#\/schema\/person\/image\/\",\"url\":\"https:\/\/secure.gravatar.com\/avatar\/1f9ad023598f2815edd4bfcc0676c07c412fd59a20b9eb3fbc72e8e85e7eec43?s=96&d=mm&r=g\",\"contentUrl\":\"https:\/\/secure.gravatar.com\/avatar\/1f9ad023598f2815edd4bfcc0676c07c412fd59a20b9eb3fbc72e8e85e7eec43?s=96&d=mm&r=g\",\"caption\":\"Accumeda@2021\"},\"sameAs\":[\"https:\/\/acuradon.de\"],\"url\":\"https:\/\/acuradon.de\/en\/author\/accumeda2021\/\"}]}<\/script>\n<!-- \/ Yoast SEO plugin. -->","yoast_head_json":{"title":"Weinfr\u00fchling in Bad Kreuznach: Radonstollen \u00f6ffnet seine T\u00fcren -","description":"\u00a0Im April 2016 veranstalten die Kreuznacher Stadtwinzer den Weinfr\u00fchling. ACURADON bietet an beiden Tagen F\u00fchrungen durch den Radonstollen an.\u00a0","robots":{"index":"index","follow":"follow","max-snippet":"max-snippet:-1","max-image-preview":"max-image-preview:large","max-video-preview":"max-video-preview:-1"},"canonical":"https:\/\/acuradon.de\/en\/weinfruehling-in-bad-kreuznach-radonstollen-oeffnet-seine-tueren\/","og_locale":"en_GB","og_type":"article","og_title":"Weinfr\u00fchling in Bad Kreuznach: Radonstollen \u00f6ffnet seine T\u00fcren -","og_description":"\u00a0Im April 2016 veranstalten die Kreuznacher Stadtwinzer den Weinfr\u00fchling. ACURADON bietet an beiden Tagen F\u00fchrungen durch den Radonstollen an.\u00a0","og_url":"https:\/\/acuradon.de\/en\/weinfruehling-in-bad-kreuznach-radonstollen-oeffnet-seine-tueren\/","og_site_name":"ACURADON Heilstollen","article_publisher":"https:\/\/www.facebook.com\/radonstollen","article_published_time":"2016-04-18T09:06:04+00:00","og_image":[{"width":1400,"height":400,"url":"https:\/\/acuradon.de\/wp-content\/uploads\/2015\/06\/Ihr-Weg-zum-Radon-Heilstollen-Bad-Kreuznach-Header.jpg","type":"image\/jpeg"}],"author":"Accumeda@2021","twitter_card":"summary_large_image","twitter_creator":"@ACURADON","twitter_site":"@ACURADON","twitter_misc":{"Written by":"Accumeda@2021","Estimated reading time":"1 minute"},"schema":{"@context":"https:\/\/schema.org","@graph":[{"@type":"WebPage","@id":"https:\/\/acuradon.de\/en\/weinfruehling-in-bad-kreuznach-radonstollen-oeffnet-seine-tueren\/","url":"https:\/\/acuradon.de\/en\/weinfruehling-in-bad-kreuznach-radonstollen-oeffnet-seine-tueren\/","name":"Weinfr\u00fchling in Bad Kreuznach: Radonstollen \u00f6ffnet seine T\u00fcren -","isPartOf":{"@id":"https:\/\/acuradon.de\/#website"},"primaryImageOfPage":{"@id":"https:\/\/acuradon.de\/en\/weinfruehling-in-bad-kreuznach-radonstollen-oeffnet-seine-tueren\/#primaryimage"},"image":{"@id":"https:\/\/acuradon.de\/en\/weinfruehling-in-bad-kreuznach-radonstollen-oeffnet-seine-tueren\/#primaryimage"},"thumbnailUrl":"https:\/\/acuradon.de\/wp-content\/uploads\/2015\/06\/Ihr-Weg-zum-Radon-Heilstollen-Bad-Kreuznach-Header.jpg","datePublished":"2016-04-18T09:06:04+00:00","author":{"@id":"https:\/\/acuradon.de\/#\/schema\/person\/9b483958b8fb44d2d6ab62546fcde4c9"},"description":"\u00a0Im April 2016 veranstalten die Kreuznacher Stadtwinzer den Weinfr\u00fchling. ACURADON bietet an beiden Tagen F\u00fchrungen durch den Radonstollen an.\u00a0","inLanguage":"en-GB","potentialAction":[{"@type":"ReadAction","target":["https:\/\/acuradon.de\/en\/weinfruehling-in-bad-kreuznach-radonstollen-oeffnet-seine-tueren\/"]}]},{"@type":"ImageObject","inLanguage":"en-GB","@id":"https:\/\/acuradon.de\/en\/weinfruehling-in-bad-kreuznach-radonstollen-oeffnet-seine-tueren\/#primaryimage","url":"https:\/\/acuradon.de\/wp-content\/uploads\/2015\/06\/Ihr-Weg-zum-Radon-Heilstollen-Bad-Kreuznach-Header.jpg","contentUrl":"https:\/\/acuradon.de\/wp-content\/uploads\/2015\/06\/Ihr-Weg-zum-Radon-Heilstollen-Bad-Kreuznach-Header.jpg","width":1400,"height":400,"caption":"Ihr-Weg-zum-Radon-Heilstollen-Bad-Kreuznach-Kreuznacher-Weinfr\u00fchling"},{"@type":"WebSite","@id":"https:\/\/acuradon.de\/#website","url":"https:\/\/acuradon.de\/","name":"ACURADON Heilstollen","description":"","potentialAction":[{"@type":"SearchAction","target":{"@type":"EntryPoint","urlTemplate":"https:\/\/acuradon.de\/?s={search_term_string}"},"query-input":{"@type":"PropertyValueSpecification","valueRequired":true,"valueName":"search_term_string"}}],"inLanguage":"en-GB"},{"@type":"Person","@id":"https:\/\/acuradon.de\/#\/schema\/person\/9b483958b8fb44d2d6ab62546fcde4c9","name":"Accumeda@2021","image":{"@type":"ImageObject","inLanguage":"en-GB","@id":"https:\/\/acuradon.de\/#\/schema\/person\/image\/","url":"https:\/\/secure.gravatar.com\/avatar\/1f9ad023598f2815edd4bfcc0676c07c412fd59a20b9eb3fbc72e8e85e7eec43?s=96&d=mm&r=g","contentUrl":"https:\/\/secure.gravatar.com\/avatar\/1f9ad023598f2815edd4bfcc0676c07c412fd59a20b9eb3fbc72e8e85e7eec43?s=96&d=mm&r=g","caption":"Accumeda@2021"},"sameAs":["https:\/\/acuradon.de"],"url":"https:\/\/acuradon.de\/en\/author\/accumeda2021\/"}]}},"_links":{"self":[{"href":"https:\/\/acuradon.de\/en\/wp-json\/wp\/v2\/posts\/9490","targetHints":{"allow":["GET"]}}],"collection":[{"href":"https:\/\/acuradon.de\/en\/wp-json\/wp\/v2\/posts"}],"about":[{"href":"https:\/\/acuradon.de\/en\/wp-json\/wp\/v2\/types\/post"}],"author":[{"embeddable":true,"href":"https:\/\/acuradon.de\/en\/wp-json\/wp\/v2\/users\/1"}],"replies":[{"embeddable":true,"href":"https:\/\/acuradon.de\/en\/wp-json\/wp\/v2\/comments?post=9490"}],"version-history":[{"count":0,"href":"https:\/\/acuradon.de\/en\/wp-json\/wp\/v2\/posts\/9490\/revisions"}],"wp:featuredmedia":[{"embeddable":true,"href":"https:\/\/acuradon.de\/en\/wp-json\/wp\/v2\/media\/9327"}],"wp:attachment":[{"href":"https:\/\/acuradon.de\/en\/wp-json\/wp\/v2\/media?parent=9490"}],"wp:term":[{"taxonomy":"category","embeddable":true,"href":"https:\/\/acuradon.de\/en\/wp-json\/wp\/v2\/categories?post=9490"},{"taxonomy":"post_tag","embeddable":true,"href":"https:\/\/acuradon.de\/en\/wp-json\/wp\/v2\/tags?post=9490"}],"curies":[{"name":"wp","href":"https:\/\/api.w.org\/{rel}","templated":true}]}}